{"id":19799,"date":"2021-11-25T17:02:21","date_gmt":"2021-11-25T17:02:21","guid":{"rendered":"https:\/\/cacapavaonline.net.br\/?p=19799"},"modified":"2021-11-25T17:02:23","modified_gmt":"2021-11-25T17:02:23","slug":"projeto-inclui-a-cultura-tradicionalista-gaucha-no-calendario-escolar-do-municipio","status":"publish","type":"post","link":"https:\/\/cacapavaonline.net.br\/index.php\/2021\/11\/projeto-inclui-a-cultura-tradicionalista-gaucha-no-calendario-escolar-do-municipio\/","title":{"rendered":"Projeto inclui a cultura tradicionalista ga\u00facha no calend\u00e1rio escolar do munic\u00edpio"},"content":{"rendered":"\n<div class=\"cacap-conteudo\" style=\"float: right;clear: both;\" id=\"cacap-4274381827\"><a href=\"https:\/\/www.instagram.com\/netmax_internet\/\" aria-label=\"240821-Netmax\"><img loading=\"lazy\" decoding=\"async\" src=\"https:\/\/cacapavaonline.net.br\/wp-content\/uploads\/2024\/08\/240821-Netmax.jpg\" alt=\"\"  srcset=\"https:\/\/cacapavaonline.net.br\/wp-content\/uploads\/2024\/08\/240821-Netmax.jpg 1080w, https:\/\/cacapavaonline.net.br\/wp-content\/uploads\/2024\/08\/240821-Netmax-300x150.jpg 300w, https:\/\/cacapavaonline.net.br\/wp-content\/uploads\/2024\/08\/240821-Netmax-1024x513.jpg 1024w, https:\/\/cacapavaonline.net.br\/wp-content\/uploads\/2024\/08\/240821-Netmax-768x385.jpg 768w\" sizes=\"(max-width: 1080px) 100vw, 1080px\" width=\"800\" height=\"541\"   \/><\/a><\/div><br style=\"clear: both; display: block; float: none;\"\/><p><em>O conte\u00fado dever\u00e1 abranger os aspectos hist\u00f3ricos, art\u00edsticos e folcl\u00f3ricos da tradi\u00e7\u00e3o ga\u00facha. O projeto vem contribuir com a BNCC \u201cBase Nacional Comum Curricular\u201d e o Referencial Ga\u00facho, previsto dentro das especifica\u00e7\u00f5es de territorialidade.<\/em><\/p>\n\n\n\n<p>Na \u00faltima sess\u00e3o, realizada na ter\u00e7a-feira, dia 23, foi protocolado o Projeto de Lei de autoria do Vereador Mariano Teixeira (PP) que inclui o conte\u00fado sobre a Cultura Tradicionalista Ga\u00facha nas aulas ministradas sobre as artes, hist\u00f3ria e conte\u00fados afins, nas escolas p\u00fablicas da rede municipal de ensino de Ca\u00e7apava do Sul.<\/p>\n\n\n\n<p>O conte\u00fado dever\u00e1 abranger os aspectos hist\u00f3ricos, art\u00edsticos e folcl\u00f3ricos da tradi\u00e7\u00e3o ga\u00facha. O projeto vem contribuir com a BNCC \u201cBase Nacional Comum Curricular\u201d e o Referencial Ga\u00facho, previsto dentro das especifica\u00e7\u00f5es de territorialidade.<\/p>\n\n\n\n<p>Segundo Teixeira, que tamb\u00e9m faz parte da Frente Parlamentar em Defesa da Tradi\u00e7\u00e3o Ga\u00facha, composta hoje por mais de 80 vereadores de todo o estado, o referido projeto tem como objetivo despertar nas crian\u00e7as e adolescentes, de uma forma l\u00fadica e prazerosa, o gosto pela tradi\u00e7\u00e3o ga\u00facha, promovendo uma s\u00e9rie de atividades, resgatando a cultura ga\u00facha e a hist\u00f3ria do Rio Grande do Sul.<br><br>\u201cPrecisamos valorizar as nossas ra\u00edzes, resgatar valores culturais e conhecer a nossa pr\u00f3pria hist\u00f3ria\u201d, finalizou Teixeira.<\/p>\n\n\n\n<p>O Projeto de Lei agora ir\u00e1 tramitar nas comiss\u00f5es da Casa, para posteriormente ser apreciado em sess\u00e3o, se aprovado pelos vereadores, e sancionado pelo prefeito, entrar\u00e1 em vigor no in\u00edcio do pr\u00f3ximo ano letivo.<\/p>\n\n\n\n<p><\/p>\n","protected":false},"excerpt":{"rendered":"<p>O conte\u00fado dever\u00e1 abranger os aspectos hist\u00f3ricos, art\u00edsticos e folcl\u00f3ricos da tradi\u00e7\u00e3o ga\u00facha. O projeto vem contribuir com a BNCC \u201cBase Nacional Comum Curricular\u201d e o Referencial Ga\u00facho, previsto dentro das especifica\u00e7\u00f5es de territorialidade. Na \u00faltima sess\u00e3o, realizada na ter\u00e7a-feira, dia 23, foi protocolado o Projeto de Lei de autoria do Vereador Mariano Teixeira (PP) [&hellip;]<\/p>\n","protected":false},"author":3,"featured_media":17186,"comment_status":"open","ping_status":"open","sticky":false,"template":"","format":"standard","meta":{"footnotes":""},"categories":[2,13,4,5],"tags":[],"class_list":["post-19799","post","type-post","status-publish","format-standard","has-post-thumbnail","hentry","category-cacapava-do-sul","category-assessoria-de-imprensa-da-camara-de-vereadores-de-cacapava-do-sul","category-geral","category-politica"],"blog_post_layout_featured_media_urls":{"thumbnail":["https:\/\/cacapavaonline.net.br\/wp-content\/uploads\/2021\/05\/210518-Vereador-Mariano-150x150.jpg",150,150,true],"full":["https:\/\/cacapavaonline.net.br\/wp-content\/uploads\/2021\/05\/210518-Vereador-Mariano.jpg",900,589,false]},"categories_names":{"2":{"name":"Ca\u00e7apava do Sul","link":"https:\/\/cacapavaonline.net.br\/index.php\/category\/cacapava-do-sul\/"},"13":{"name":"C\u00e2mara de Vereadores de Ca\u00e7apava do Sul","link":"https:\/\/cacapavaonline.net.br\/index.php\/category\/assessoria-de-imprensa-da-camara-de-vereadores-de-cacapava-do-sul\/"},"4":{"name":"Geral","link":"https:\/\/cacapavaonline.net.br\/index.php\/category\/geral\/"},"5":{"name":"Pol\u00edtica","link":"https:\/\/cacapavaonline.net.br\/index.php\/category\/politica\/"}},"tags_names":[],"comments_number":"0","wpmagazine_modules_lite_featured_media_urls":{"thumbnail":["https:\/\/cacapavaonline.net.br\/wp-content\/uploads\/2021\/05\/210518-Vereador-Mariano-150x150.jpg",150,150,true],"cvmm-medium":["https:\/\/cacapavaonline.net.br\/wp-content\/uploads\/2021\/05\/210518-Vereador-Mariano-300x300.jpg",300,300,true],"cvmm-medium-plus":["https:\/\/cacapavaonline.net.br\/wp-content\/uploads\/2021\/05\/210518-Vereador-Mariano-305x207.jpg",305,207,true],"cvmm-portrait":["https:\/\/cacapavaonline.net.br\/wp-content\/uploads\/2021\/05\/210518-Vereador-Mariano-400x589.jpg",400,589,true],"cvmm-medium-square":["https:\/\/cacapavaonline.net.br\/wp-content\/uploads\/2021\/05\/210518-Vereador-Mariano-600x589.jpg",600,589,true],"cvmm-large":["https:\/\/cacapavaonline.net.br\/wp-content\/uploads\/2021\/05\/210518-Vereador-Mariano.jpg",900,589,false],"cvmm-small":["https:\/\/cacapavaonline.net.br\/wp-content\/uploads\/2021\/05\/210518-Vereador-Mariano-130x95.jpg",130,95,true],"full":["https:\/\/cacapavaonline.net.br\/wp-content\/uploads\/2021\/05\/210518-Vereador-Mariano.jpg",900,589,false]},"_links":{"self":[{"href":"https:\/\/cacapavaonline.net.br\/index.php\/wp-json\/wp\/v2\/posts\/19799"}],"collection":[{"href":"https:\/\/cacapavaonline.net.br\/index.php\/wp-json\/wp\/v2\/posts"}],"about":[{"href":"https:\/\/cacapavaonline.net.br\/index.php\/wp-json\/wp\/v2\/types\/post"}],"author":[{"embeddable":true,"href":"https:\/\/cacapavaonline.net.br\/index.php\/wp-json\/wp\/v2\/users\/3"}],"replies":[{"embeddable":true,"href":"https:\/\/cacapavaonline.net.br\/index.php\/wp-json\/wp\/v2\/comments?post=19799"}],"version-history":[{"count":1,"href":"https:\/\/cacapavaonline.net.br\/index.php\/wp-json\/wp\/v2\/posts\/19799\/revisions"}],"predecessor-version":[{"id":19800,"href":"https:\/\/cacapavaonline.net.br\/index.php\/wp-json\/wp\/v2\/posts\/19799\/revisions\/19800"}],"wp:featuredmedia":[{"embeddable":true,"href":"https:\/\/cacapavaonline.net.br\/index.php\/wp-json\/wp\/v2\/media\/17186"}],"wp:attachment":[{"href":"https:\/\/cacapavaonline.net.br\/index.php\/wp-json\/wp\/v2\/media?parent=19799"}],"wp:term":[{"taxonomy":"category","embeddable":true,"href":"https:\/\/cacapavaonline.net.br\/index.php\/wp-json\/wp\/v2\/categories?post=19799"},{"taxonomy":"post_tag","embeddable":true,"href":"https:\/\/cacapavaonline.net.br\/index.php\/wp-json\/wp\/v2\/tags?post=19799"}],"curies":[{"name":"wp","href":"https:\/\/api.w.org\/{rel}","templated":true}]}}