{"id":20554,"date":"2022-01-16T14:18:00","date_gmt":"2022-01-16T14:18:00","guid":{"rendered":"https:\/\/cacapavaonline.net.br\/?p=20554"},"modified":"2022-01-17T14:20:18","modified_gmt":"2022-01-17T14:20:18","slug":"nesta-quarta-feira-19-01-cacapava-do-sul-dara-inicio-a-vacinacao-de-1-dose-para-criancas-de-11-a-5-anos-de-idade","status":"publish","type":"post","link":"https:\/\/cacapavaonline.net.br\/index.php\/2022\/01\/nesta-quarta-feira-19-01-cacapava-do-sul-dara-inicio-a-vacinacao-de-1-dose-para-criancas-de-11-a-5-anos-de-idade\/","title":{"rendered":"Nesta quarta-feira, 19\/01, Ca\u00e7apava do Sul dar\u00e1 in\u00edcio a vacina\u00e7\u00e3o de 1\u00b0 dose para crian\u00e7as de 11 a 5 anos de idade"},"content":{"rendered":"\n<div class=\"cacap-conteudo\" style=\"float: right;clear: both;\" id=\"cacap-3744435175\"><a href=\"https:\/\/www.instagram.com\/netmax_internet\/\" aria-label=\"240821-Netmax\"><img loading=\"lazy\" decoding=\"async\" src=\"https:\/\/cacapavaonline.net.br\/wp-content\/uploads\/2024\/08\/240821-Netmax.jpg\" alt=\"\"  srcset=\"https:\/\/cacapavaonline.net.br\/wp-content\/uploads\/2024\/08\/240821-Netmax.jpg 1080w, https:\/\/cacapavaonline.net.br\/wp-content\/uploads\/2024\/08\/240821-Netmax-300x150.jpg 300w, https:\/\/cacapavaonline.net.br\/wp-content\/uploads\/2024\/08\/240821-Netmax-1024x513.jpg 1024w, https:\/\/cacapavaonline.net.br\/wp-content\/uploads\/2024\/08\/240821-Netmax-768x385.jpg 768w\" sizes=\"(max-width: 1080px) 100vw, 1080px\" width=\"800\" height=\"541\"   \/><\/a><\/div><br style=\"clear: both; display: block; float: none;\"\/><p>A Prefeitura de Ca\u00e7apava do Sul, atrav\u00e9s da Secretaria de Sa\u00fade de Ca\u00e7apava do Sul informa que a partir de quarta-feira, dia 19\/01, dar\u00e1 in\u00edcio a vacina\u00e7\u00e3o de 1\u00aa dose para crian\u00e7as de 11 a 5 anos de idade.<\/p>\n\n\n\n<p>A partir de segunda-feira, dia 17 de janeiro, vamos ter mais informa\u00e7\u00f5es sobre como vai acontecer a vacina\u00e7\u00e3o, local e hor\u00e1rio.<\/p>\n\n\n\n<p>Aguardamos a nota t\u00e9cnica da Secretaria de Sa\u00fade do estado, a qual informar\u00e1 os grupos priorit\u00e1rios.<\/p>\n","protected":false},"excerpt":{"rendered":"<p>A Prefeitura de Ca\u00e7apava do Sul, atrav\u00e9s da Secretaria de Sa\u00fade de Ca\u00e7apava do Sul informa que a partir de quarta-feira, dia 19\/01, dar\u00e1 in\u00edcio a vacina\u00e7\u00e3o de 1\u00aa dose para crian\u00e7as de 11 a 5 anos de idade. A partir de segunda-feira, dia 17 de janeiro, vamos ter mais informa\u00e7\u00f5es sobre como vai acontecer [&hellip;]<\/p>\n","protected":false},"author":3,"featured_media":20555,"comment_status":"open","ping_status":"open","sticky":false,"template":"","format":"standard","meta":{"footnotes":""},"categories":[2,4,6,9],"tags":[],"class_list":["post-20554","post","type-post","status-publish","format-standard","has-post-thumbnail","hentry","category-cacapava-do-sul","category-geral","category-assessoria-de-imprensa-da-prefeitura-de-cacapava-do-sul","category-saude"],"blog_post_layout_featured_media_urls":{"thumbnail":["https:\/\/cacapavaonline.net.br\/wp-content\/uploads\/2022\/01\/vacinacao-2-150x150.jpg",150,150,true],"full":["https:\/\/cacapavaonline.net.br\/wp-content\/uploads\/2022\/01\/vacinacao-2.jpg",526,526,false]},"categories_names":{"2":{"name":"Ca\u00e7apava do Sul","link":"https:\/\/cacapavaonline.net.br\/index.php\/category\/cacapava-do-sul\/"},"4":{"name":"Geral","link":"https:\/\/cacapavaonline.net.br\/index.php\/category\/geral\/"},"6":{"name":"Prefeitura de Ca\u00e7apava do Sul","link":"https:\/\/cacapavaonline.net.br\/index.php\/category\/assessoria-de-imprensa-da-prefeitura-de-cacapava-do-sul\/"},"9":{"name":"Sa\u00fade","link":"https:\/\/cacapavaonline.net.br\/index.php\/category\/saude\/"}},"tags_names":[],"comments_number":"0","wpmagazine_modules_lite_featured_media_urls":{"thumbnail":["https:\/\/cacapavaonline.net.br\/wp-content\/uploads\/2022\/01\/vacinacao-2-150x150.jpg",150,150,true],"cvmm-medium":["https:\/\/cacapavaonline.net.br\/wp-content\/uploads\/2022\/01\/vacinacao-2-300x300.jpg",300,300,true],"cvmm-medium-plus":["https:\/\/cacapavaonline.net.br\/wp-content\/uploads\/2022\/01\/vacinacao-2-305x207.jpg",305,207,true],"cvmm-portrait":["https:\/\/cacapavaonline.net.br\/wp-content\/uploads\/2022\/01\/vacinacao-2-400x526.jpg",400,526,true],"cvmm-medium-square":["https:\/\/cacapavaonline.net.br\/wp-content\/uploads\/2022\/01\/vacinacao-2.jpg",526,526,false],"cvmm-large":["https:\/\/cacapavaonline.net.br\/wp-content\/uploads\/2022\/01\/vacinacao-2.jpg",526,526,false],"cvmm-small":["https:\/\/cacapavaonline.net.br\/wp-content\/uploads\/2022\/01\/vacinacao-2-130x95.jpg",130,95,true],"full":["https:\/\/cacapavaonline.net.br\/wp-content\/uploads\/2022\/01\/vacinacao-2.jpg",526,526,false]},"_links":{"self":[{"href":"https:\/\/cacapavaonline.net.br\/index.php\/wp-json\/wp\/v2\/posts\/20554"}],"collection":[{"href":"https:\/\/cacapavaonline.net.br\/index.php\/wp-json\/wp\/v2\/posts"}],"about":[{"href":"https:\/\/cacapavaonline.net.br\/index.php\/wp-json\/wp\/v2\/types\/post"}],"author":[{"embeddable":true,"href":"https:\/\/cacapavaonline.net.br\/index.php\/wp-json\/wp\/v2\/users\/3"}],"replies":[{"embeddable":true,"href":"https:\/\/cacapavaonline.net.br\/index.php\/wp-json\/wp\/v2\/comments?post=20554"}],"version-history":[{"count":1,"href":"https:\/\/cacapavaonline.net.br\/index.php\/wp-json\/wp\/v2\/posts\/20554\/revisions"}],"predecessor-version":[{"id":20556,"href":"https:\/\/cacapavaonline.net.br\/index.php\/wp-json\/wp\/v2\/posts\/20554\/revisions\/20556"}],"wp:featuredmedia":[{"embeddable":true,"href":"https:\/\/cacapavaonline.net.br\/index.php\/wp-json\/wp\/v2\/media\/20555"}],"wp:attachment":[{"href":"https:\/\/cacapavaonline.net.br\/index.php\/wp-json\/wp\/v2\/media?parent=20554"}],"wp:term":[{"taxonomy":"category","embeddable":true,"href":"https:\/\/cacapavaonline.net.br\/index.php\/wp-json\/wp\/v2\/categories?post=20554"},{"taxonomy":"post_tag","embeddable":true,"href":"https:\/\/cacapavaonline.net.br\/index.php\/wp-json\/wp\/v2\/tags?post=20554"}],"curies":[{"name":"wp","href":"https:\/\/api.w.org\/{rel}","templated":true}]}}