{"id":29182,"date":"2023-09-28T11:51:14","date_gmt":"2023-09-28T11:51:14","guid":{"rendered":"https:\/\/cacapavaonline.net.br\/?p=29182"},"modified":"2023-09-28T11:51:15","modified_gmt":"2023-09-28T11:51:15","slug":"ii-festa-do-azeite-de-oliva-convida-prefeitos-para-pensar-o-desenvolvimento-regional","status":"publish","type":"post","link":"https:\/\/cacapavaonline.net.br\/index.php\/2023\/09\/ii-festa-do-azeite-de-oliva-convida-prefeitos-para-pensar-o-desenvolvimento-regional\/","title":{"rendered":"II Festa do Azeite de Oliva convida prefeitos para pensar o desenvolvimento regional"},"content":{"rendered":"\n<div class=\"cacap-conteudo\" style=\"float: right;clear: both;\" id=\"cacap-1848708278\"><a href=\"https:\/\/www.instagram.com\/netmax_internet\/\" aria-label=\"240821-Netmax\"><img loading=\"lazy\" decoding=\"async\" src=\"https:\/\/cacapavaonline.net.br\/wp-content\/uploads\/2024\/08\/240821-Netmax.jpg\" alt=\"\"  srcset=\"https:\/\/cacapavaonline.net.br\/wp-content\/uploads\/2024\/08\/240821-Netmax.jpg 1080w, https:\/\/cacapavaonline.net.br\/wp-content\/uploads\/2024\/08\/240821-Netmax-300x150.jpg 300w, https:\/\/cacapavaonline.net.br\/wp-content\/uploads\/2024\/08\/240821-Netmax-1024x513.jpg 1024w, https:\/\/cacapavaonline.net.br\/wp-content\/uploads\/2024\/08\/240821-Netmax-768x385.jpg 768w\" sizes=\"(max-width: 1080px) 100vw, 1080px\" width=\"800\" height=\"541\"   \/><\/a><\/div><br style=\"clear: both; display: block; float: none;\"\/><p><em>O avan\u00e7o da olivicultura, a consolida\u00e7\u00e3o dos geoparques e as rela\u00e7\u00f5es institucionais ser\u00e3o temas de f\u00f3rum<\/em><\/p>\n\n\n\n<p>Prefeitos dos munic\u00edpios vizinhos a Ca\u00e7apava do Sul, tanto do Centro do estado, quanto da Campanha ga\u00facha e da Costa Doce, est\u00e3o convidados para debater o desenvolvimento regional no F\u00f3rum de Integra\u00e7\u00e3o. Este encontro ir\u00e1 ocorrer na tarde de sexta-feira, 06 de outubro \u2013 dia da abertura da II Festa do Azeite de Oliva. Est\u00e3o na pauta as principais demandas do setor ole\u00edcola, a consolida\u00e7\u00e3o dos geoparques Ca\u00e7apava do Sul e Quarta Col\u00f4nia e, ainda, as rela\u00e7\u00f5es institucionais dos munic\u00edpios com o Governo Federal.<br>A reuni\u00e3o est\u00e1 prevista para come\u00e7ar \u00e0s 14 horas, na carreta audit\u00f3rio do Banco do Brasil \u2013 que estar\u00e1 estacionada junto do p\u00f3rtico de entrada da Festa do Azeite de Oliva. A abertura do encontro ser\u00e1 feita por Ricardo Zamora, secret\u00e1rio executivo da Secretaria de Comunica\u00e7\u00e3o Social (Secom) do Governo Federal. Ele representar\u00e1 o ministro Paulo Pimenta, que chega a Ca\u00e7apava no s\u00e1bado. Em sua abordagem, Zamora ir\u00e1 detalhar o relacionamento da regi\u00e3o com o Executivo federal.<br>Est\u00e3o previstas, ainda, as presen\u00e7as do secret\u00e1rio executivo do Minist\u00e9rio do Desenvolvimento Agr\u00e1rio, Milton Fornazieri, dos deputados estaduais Frederico Antunes e Luiz Fernando Mainardi, da secret\u00e1ria estadual do Meio Ambiente e Infraestrutura, Marjorie Kauffmann; e do vice-presidente do Banco Regional de Desenvolvimento do Extremo Sul (BRDE), Ranolfo Vieira J\u00fanior.<br>Logo ap\u00f3s a palestra de Zamora, a vice-diretora do Geoparque Quarta Col\u00f4nia, Michele Vestena, e o secret\u00e1rio de Cultura e Turismo de Ca\u00e7apava do Sul, Stener Camargo, falar\u00e3o sobre turismo. Eles ir\u00e3o detalhar o processo de cria\u00e7\u00e3o de ambos os projetos credenciados pela Unesco no come\u00e7o de setembro. A certifica\u00e7\u00e3o de Geoparques Mundiais \u00e9 v\u00e1lida por quatro anos e os dois os territ\u00f3rios t\u00eam o desafio de atender apontamentos feitos pela entidade internacional para renovar o t\u00edtulo.<br>\u201cVamos abordar como est\u00e1 o planejamento das pr\u00f3ximas a\u00e7\u00f5es. No territ\u00f3rio da Quarta Col\u00f4nia, que engloba nove munic\u00edpios, temos algumas dificuldades de infraestrutura pontuais, como a quest\u00e3o da visibilidade do Geoparque, que foi um dos apontamentos feitos pelos avaliadores. Temos estabelecidas etapas para avan\u00e7ar nessa quest\u00e3o. Estamos na segunda, que \u00e9 referente a instala\u00e7\u00e3o de pain\u00e9is e totens interpretativos, al\u00e9m de outdoors. Percebemos que o trabalho com a nossa rede de parceiros tamb\u00e9m vem ajudando a melhorar a infraestrutura f\u00edsica dos mirantes e museus, por exemplo. O trabalho de integra\u00e7\u00e3o come\u00e7a nessa rede e precisa ser levado a toda a regi\u00e3o, com unidade lingu\u00edstica\u201d, afirmou Michele.<br>J\u00e1 o secret\u00e1rio ca\u00e7apavano ressalta que a amplia\u00e7\u00e3o do fluxo de turistas, esperada com as certifica\u00e7\u00f5es dadas pela Unesco, ter\u00e1 reflexos em toda a regi\u00e3o. \u201cO Geoparque, embora seja um projeto de Ca\u00e7apava do Sul, vai agregar no turismo dos munic\u00edpios vizinhos. Um turista que venha para Ca\u00e7apava pode querer conhecer tamb\u00e9m, por exemplo, os Vinhos da Campanha. Isso \u00e9 algo que j\u00e1 ocorre atualmente e que tende a aumentar\u201d, observou.<br>A etapa final do encontro ficar\u00e1 a cargo do presidente do Instituto Brasileiro de Olivicultura (Ibraoliva), Renato Fernandes. Embora ele tamb\u00e9m v\u00e1 abordar temas ligados ao olivoturismo, sua palestra ser\u00e1 centrada no principal gargalo enfrentado pelo setor atualmente: a concorr\u00eancia desleal de azeites importados que chegam ao mercado brasileiro classificados de forma equivocada.<br>Um levantamento recente, feito pelo Minist\u00e9rio da Agricultura atrav\u00e9s de um painel sensorial, apontou que 90% dos produtos importados que se dizem \u201cextravirgem\u201d n\u00e3o possuem qualidade suficiente para serem enquadrados na classifica\u00e7\u00e3o. S\u00e3o azeites virgens (sem a carga de polifen\u00f3is que traz os benef\u00edcios \u00e0 sa\u00fade atrelados ao produto) ou, ainda, azeites \u201clampante\u201d, que sequer s\u00e3o indicados para o consumo humano.<br>\u201cOs gestores p\u00fablicos precisam ter conhecimento dessa pauta. \u00c9 importante que prefeitos estejam cientes desse engano. Pela posi\u00e7\u00e3o que tem, eles precisam estar atentos e saber que a Anvisa deve come\u00e7ar a trabalhar sobre estes produtos. Contamos com eles para que ajudem a levar a informa\u00e7\u00e3o \u00e0s suas redes de sa\u00fade. O Ibraoliva j\u00e1 tem uma frente de trabalho junto \u00e0 classe m\u00e9dica, principalmente aos cardiologistas, para que disseminem a informa\u00e7\u00e3o correta\u201d, afirmou.<br>Segundo Fernandes, existem dois aspectos importantes. Primeiro, garantir que o consumidor n\u00e3o seja enganado na g\u00f4ndola do supermercado. E, tamb\u00e9m, que os produtores locais tenham condi\u00e7\u00f5es de competir no mercado pela qualidade \u2013 e impulsionar o investimento e o impacto financeiro positivo nos munic\u00edpios produtores.<\/p>\n\n\n\n<figure class=\"wp-block-image size-large\"><img loading=\"lazy\" decoding=\"async\" width=\"1024\" height=\"979\" src=\"https:\/\/cacapavaonline.net.br\/wp-content\/uploads\/2023\/09\/WhatsApp-Image-2023-09-27-at-17.18.48-1024x979.jpeg\" alt=\"\" class=\"wp-image-29184\" srcset=\"https:\/\/cacapavaonline.net.br\/wp-content\/uploads\/2023\/09\/WhatsApp-Image-2023-09-27-at-17.18.48-1024x979.jpeg 1024w, https:\/\/cacapavaonline.net.br\/wp-content\/uploads\/2023\/09\/WhatsApp-Image-2023-09-27-at-17.18.48-300x287.jpeg 300w, https:\/\/cacapavaonline.net.br\/wp-content\/uploads\/2023\/09\/WhatsApp-Image-2023-09-27-at-17.18.48-768x735.jpeg 768w, https:\/\/cacapavaonline.net.br\/wp-content\/uploads\/2023\/09\/WhatsApp-Image-2023-09-27-at-17.18.48.jpeg 1080w\" sizes=\"(max-width: 1024px) 100vw, 1024px\" \/><\/figure>\n\n\n\n<figure class=\"wp-block-image size-full\"><img loading=\"lazy\" decoding=\"async\" width=\"892\" height=\"892\" src=\"https:\/\/cacapavaonline.net.br\/wp-content\/uploads\/2023\/09\/WhatsApp-Image-2023-09-27-at-17.18.49.jpeg\" alt=\"\" class=\"wp-image-29185\" srcset=\"https:\/\/cacapavaonline.net.br\/wp-content\/uploads\/2023\/09\/WhatsApp-Image-2023-09-27-at-17.18.49.jpeg 892w, https:\/\/cacapavaonline.net.br\/wp-content\/uploads\/2023\/09\/WhatsApp-Image-2023-09-27-at-17.18.49-300x300.jpeg 300w, https:\/\/cacapavaonline.net.br\/wp-content\/uploads\/2023\/09\/WhatsApp-Image-2023-09-27-at-17.18.49-150x150.jpeg 150w, https:\/\/cacapavaonline.net.br\/wp-content\/uploads\/2023\/09\/WhatsApp-Image-2023-09-27-at-17.18.49-768x768.jpeg 768w, https:\/\/cacapavaonline.net.br\/wp-content\/uploads\/2023\/09\/WhatsApp-Image-2023-09-27-at-17.18.49-600x600.jpeg 600w\" sizes=\"(max-width: 892px) 100vw, 892px\" \/><\/figure>\n\n\n\n<p><em><strong>Clarisse de Freitas<br><\/strong>assessoria de imprensa<\/em><\/p>\n","protected":false},"excerpt":{"rendered":"<p>O avan\u00e7o da olivicultura, a consolida\u00e7\u00e3o dos geoparques e as rela\u00e7\u00f5es institucionais ser\u00e3o temas de f\u00f3rum Prefeitos dos munic\u00edpios vizinhos a Ca\u00e7apava do Sul, tanto do Centro do estado, quanto da Campanha ga\u00facha e da Costa Doce, est\u00e3o convidados para debater o desenvolvimento regional no F\u00f3rum de Integra\u00e7\u00e3o. Este encontro ir\u00e1 ocorrer na tarde de [&hellip;]<\/p>\n","protected":false},"author":3,"featured_media":29183,"comment_status":"open","ping_status":"open","sticky":false,"template":"","format":"standard","meta":{"footnotes":""},"categories":[2,3,4,52,7],"tags":[],"class_list":["post-29182","post","type-post","status-publish","format-standard","has-post-thumbnail","hentry","category-cacapava-do-sul","category-destaque","category-geral","category-informativo","category-regiao"],"blog_post_layout_featured_media_urls":{"thumbnail":["https:\/\/cacapavaonline.net.br\/wp-content\/uploads\/2023\/09\/WhatsApp-Image-2023-09-27-at-17.18.48-1-e1695901843104-150x150.jpeg",150,150,true],"full":["https:\/\/cacapavaonline.net.br\/wp-content\/uploads\/2023\/09\/WhatsApp-Image-2023-09-27-at-17.18.48-1-e1695901843104.jpeg",900,600,false]},"categories_names":{"2":{"name":"Ca\u00e7apava do Sul","link":"https:\/\/cacapavaonline.net.br\/index.php\/category\/cacapava-do-sul\/"},"3":{"name":"Destaque","link":"https:\/\/cacapavaonline.net.br\/index.php\/category\/destaque\/"},"4":{"name":"Geral","link":"https:\/\/cacapavaonline.net.br\/index.php\/category\/geral\/"},"52":{"name":"Informativo","link":"https:\/\/cacapavaonline.net.br\/index.php\/category\/informativo\/"},"7":{"name":"Regi\u00e3o","link":"https:\/\/cacapavaonline.net.br\/index.php\/category\/regiao\/"}},"tags_names":[],"comments_number":"0","wpmagazine_modules_lite_featured_media_urls":{"thumbnail":["https:\/\/cacapavaonline.net.br\/wp-content\/uploads\/2023\/09\/WhatsApp-Image-2023-09-27-at-17.18.48-1-e1695901843104-150x150.jpeg",150,150,true],"cvmm-medium":["https:\/\/cacapavaonline.net.br\/wp-content\/uploads\/2023\/09\/WhatsApp-Image-2023-09-27-at-17.18.48-1-e1695901843104-300x300.jpeg",300,300,true],"cvmm-medium-plus":["https:\/\/cacapavaonline.net.br\/wp-content\/uploads\/2023\/09\/WhatsApp-Image-2023-09-27-at-17.18.48-1-e1695901843104-305x207.jpeg",305,207,true],"cvmm-portrait":["https:\/\/cacapavaonline.net.br\/wp-content\/uploads\/2023\/09\/WhatsApp-Image-2023-09-27-at-17.18.48-1-e1695901843104-400x600.jpeg",400,600,true],"cvmm-medium-square":["https:\/\/cacapavaonline.net.br\/wp-content\/uploads\/2023\/09\/WhatsApp-Image-2023-09-27-at-17.18.48-1-e1695901843104-600x600.jpeg",600,600,true],"cvmm-large":["https:\/\/cacapavaonline.net.br\/wp-content\/uploads\/2023\/09\/WhatsApp-Image-2023-09-27-at-17.18.48-1-1024x720.jpeg",1024,720,true],"cvmm-small":["https:\/\/cacapavaonline.net.br\/wp-content\/uploads\/2023\/09\/WhatsApp-Image-2023-09-27-at-17.18.48-1-e1695901843104-130x95.jpeg",130,95,true],"full":["https:\/\/cacapavaonline.net.br\/wp-content\/uploads\/2023\/09\/WhatsApp-Image-2023-09-27-at-17.18.48-1-e1695901843104.jpeg",900,600,false]},"_links":{"self":[{"href":"https:\/\/cacapavaonline.net.br\/index.php\/wp-json\/wp\/v2\/posts\/29182"}],"collection":[{"href":"https:\/\/cacapavaonline.net.br\/index.php\/wp-json\/wp\/v2\/posts"}],"about":[{"href":"https:\/\/cacapavaonline.net.br\/index.php\/wp-json\/wp\/v2\/types\/post"}],"author":[{"embeddable":true,"href":"https:\/\/cacapavaonline.net.br\/index.php\/wp-json\/wp\/v2\/users\/3"}],"replies":[{"embeddable":true,"href":"https:\/\/cacapavaonline.net.br\/index.php\/wp-json\/wp\/v2\/comments?post=29182"}],"version-history":[{"count":1,"href":"https:\/\/cacapavaonline.net.br\/index.php\/wp-json\/wp\/v2\/posts\/29182\/revisions"}],"predecessor-version":[{"id":29186,"href":"https:\/\/cacapavaonline.net.br\/index.php\/wp-json\/wp\/v2\/posts\/29182\/revisions\/29186"}],"wp:featuredmedia":[{"embeddable":true,"href":"https:\/\/cacapavaonline.net.br\/index.php\/wp-json\/wp\/v2\/media\/29183"}],"wp:attachment":[{"href":"https:\/\/cacapavaonline.net.br\/index.php\/wp-json\/wp\/v2\/media?parent=29182"}],"wp:term":[{"taxonomy":"category","embeddable":true,"href":"https:\/\/cacapavaonline.net.br\/index.php\/wp-json\/wp\/v2\/categories?post=29182"},{"taxonomy":"post_tag","embeddable":true,"href":"https:\/\/cacapavaonline.net.br\/index.php\/wp-json\/wp\/v2\/tags?post=29182"}],"curies":[{"name":"wp","href":"https:\/\/api.w.org\/{rel}","templated":true}]}}