{"id":36902,"date":"2025-02-07T11:10:00","date_gmt":"2025-02-07T14:10:00","guid":{"rendered":"https:\/\/cacapavaonline.net.br\/?p=36902"},"modified":"2025-02-07T11:10:04","modified_gmt":"2025-02-07T14:10:04","slug":"estudante-cacapavano-tentara-uma-vaga-na-selecao-brasileira-de-taekwondo","status":"publish","type":"post","link":"https:\/\/cacapavaonline.net.br\/index.php\/2025\/02\/estudante-cacapavano-tentara-uma-vaga-na-selecao-brasileira-de-taekwondo\/","title":{"rendered":"Estudante ca\u00e7apavano tentar\u00e1 uma vaga na Sele\u00e7\u00e3o Brasileira de Taekwondo"},"content":{"rendered":"\n<div class=\"cacap-conteudo\" style=\"float: right;clear: both;\" id=\"cacap-2490808177\"><a href=\"https:\/\/www.instagram.com\/netmax_internet\/\" aria-label=\"240821-Netmax\"><img loading=\"lazy\" decoding=\"async\" src=\"https:\/\/cacapavaonline.net.br\/wp-content\/uploads\/2024\/08\/240821-Netmax.jpg\" alt=\"\"  srcset=\"https:\/\/cacapavaonline.net.br\/wp-content\/uploads\/2024\/08\/240821-Netmax.jpg 1080w, https:\/\/cacapavaonline.net.br\/wp-content\/uploads\/2024\/08\/240821-Netmax-300x150.jpg 300w, https:\/\/cacapavaonline.net.br\/wp-content\/uploads\/2024\/08\/240821-Netmax-1024x513.jpg 1024w, https:\/\/cacapavaonline.net.br\/wp-content\/uploads\/2024\/08\/240821-Netmax-768x385.jpg 768w\" sizes=\"(max-width: 1080px) 100vw, 1080px\" width=\"800\" height=\"541\"   \/><\/a><\/div><br style=\"clear: both; display: block; float: none;\"\/><p>Est\u00e1 chegando o dia da seletiva nacional de Taekwondo e entre os competidores est\u00e1 um estudante ca\u00e7apavano de 14 anos que est\u00e1 em busca de uma vaga na sele\u00e7\u00e3o brasileira.<\/p>\n\n\n\n<p>Luis Fabr\u00edcio Brasil \u00e9 estudante do nono ano do Instituto Municipal de Educa\u00e7\u00e3o Professora Augusta Maria de Lima Marques e atleta da sele\u00e7\u00e3o ga\u00facha de Taekwondo, bicampe\u00e3o do campeonato estudantil RS (CERGS), campe\u00e3o dos jogos escolares Brasileiros (JEBS). A seletiva acontece entre os dias 19 a 23 de fevereiro no Rio de Janeiro.<\/p>\n\n\n\n<p>Em visita ao prefeito, Marcelo Spode, na manh\u00e3 desta sexta-feira,7 de fevereiro, o estudante, conta que mant\u00e9m uma rotina intensa de treinos e que conheceu a arte marcial no ano de 2020 e desde ent\u00e3o vem se destacando e tem um hist\u00f3rico de mais de 30 lutas e competi\u00e7\u00f5es.<\/p>\n\n\n\n<p>O treinador, Nicanor Dias (Nica), explica que o Taekwondo \u00e9 uma arte marcial com luta completa que est\u00e1 entre as modalidades ol\u00edmpicas. \u201cH\u00e1 cerca de 2 anos que o Fabr\u00edcio participa de competi\u00e7\u00f5es, no \u00faltimo ano ele participou do Jogos Escolares Brasileiros em Pernambuco, onde se destacou e tornou-se o primeiro ga\u00facho na hist\u00f3ria a ganhar a s\u00e9rie ouro na modalidade Taekwondo\u201d, comentou.<\/p>\n\n\n\n<p>O treinador destaca ainda que participar desta seletiva para tentar uma vaga na Sele\u00e7\u00e3o Brasileira de Taekwomdo \u00e9 uma oportunidade \u00fanica de profissionaliza\u00e7\u00e3o atrav\u00e9s do esporte de rendimento. \u201cEstamos mobilizados para acompanhar o Fabr\u00edcio nesta etapa, por\u00e9m os custos de deslocamento, estadia e alimenta\u00e7\u00e3o s\u00e3o altos, com isso estamos fazendo campanhas para arrecadar recursos e garantir a participa\u00e7\u00e3o do nosso atleta neste evento\u201d, afirmou.<\/p>\n\n\n\n<p>Quem quiser ajudar nos custos desta viagem, qualquer valor pode ser doado atrav\u00e9s da \u201cVakinha\u201d online: Ajude um Campe\u00e3o (ID 5309968 ) ou pelo PIX: 5309968@vakinha.com.br<\/p>\n\n\n\n<p>A academia Elite Fight fica na Rua Riachuelo, 746 e tamb\u00e9m desenvolve projetos sociais onde o estudante \u00e9 volunt\u00e1rio.<\/p>\n\n\n\n<p>Al\u00e9m disso, no dia 15 de fevereiro, o jovem atleta receber\u00e1 a premia\u00e7\u00e3o dos Melhores do Ano, na categoria Melhor Atleta Escolar, em um evento em Eldorado do Sul.<\/p>\n\n\n\n<figure class=\"wp-block-image size-full\"><img loading=\"lazy\" decoding=\"async\" width=\"600\" height=\"345\" src=\"https:\/\/cacapavaonline.net.br\/wp-content\/uploads\/2025\/02\/image-45.png\" alt=\"\" class=\"wp-image-36903\" srcset=\"https:\/\/cacapavaonline.net.br\/wp-content\/uploads\/2025\/02\/image-45.png 600w, https:\/\/cacapavaonline.net.br\/wp-content\/uploads\/2025\/02\/image-45-300x173.png 300w\" sizes=\"(max-width: 600px) 100vw, 600px\" \/><\/figure>\n","protected":false},"excerpt":{"rendered":"<p>Est\u00e1 chegando o dia da seletiva nacional de Taekwondo e entre os competidores est\u00e1 um estudante ca\u00e7apavano de 14 anos que est\u00e1 em busca de uma vaga na sele\u00e7\u00e3o brasileira. Luis Fabr\u00edcio Brasil \u00e9 estudante do nono ano do Instituto Municipal de Educa\u00e7\u00e3o Professora Augusta Maria de Lima Marques e atleta da sele\u00e7\u00e3o ga\u00facha de [&hellip;]<\/p>\n","protected":false},"author":3,"featured_media":36904,"comment_status":"open","ping_status":"open","sticky":false,"template":"","format":"standard","meta":{"footnotes":""},"categories":[2,3,4,6],"tags":[],"class_list":["post-36902","post","type-post","status-publish","format-standard","has-post-thumbnail","hentry","category-cacapava-do-sul","category-destaque","category-geral","category-assessoria-de-imprensa-da-prefeitura-de-cacapava-do-sul"],"blog_post_layout_featured_media_urls":{"thumbnail":["https:\/\/cacapavaonline.net.br\/wp-content\/uploads\/2025\/02\/estudante-150x150.jpg",150,150,true],"full":["https:\/\/cacapavaonline.net.br\/wp-content\/uploads\/2025\/02\/estudante.jpg",900,675,false]},"categories_names":{"2":{"name":"Ca\u00e7apava do Sul","link":"https:\/\/cacapavaonline.net.br\/index.php\/category\/cacapava-do-sul\/"},"3":{"name":"Destaque","link":"https:\/\/cacapavaonline.net.br\/index.php\/category\/destaque\/"},"4":{"name":"Geral","link":"https:\/\/cacapavaonline.net.br\/index.php\/category\/geral\/"},"6":{"name":"Prefeitura de Ca\u00e7apava do Sul","link":"https:\/\/cacapavaonline.net.br\/index.php\/category\/assessoria-de-imprensa-da-prefeitura-de-cacapava-do-sul\/"}},"tags_names":[],"comments_number":"0","wpmagazine_modules_lite_featured_media_urls":{"thumbnail":["https:\/\/cacapavaonline.net.br\/wp-content\/uploads\/2025\/02\/estudante-150x150.jpg",150,150,true],"cvmm-medium":["https:\/\/cacapavaonline.net.br\/wp-content\/uploads\/2025\/02\/estudante-300x300.jpg",300,300,true],"cvmm-medium-plus":["https:\/\/cacapavaonline.net.br\/wp-content\/uploads\/2025\/02\/estudante-305x207.jpg",305,207,true],"cvmm-portrait":["https:\/\/cacapavaonline.net.br\/wp-content\/uploads\/2025\/02\/estudante-400x600.jpg",400,600,true],"cvmm-medium-square":["https:\/\/cacapavaonline.net.br\/wp-content\/uploads\/2025\/02\/estudante-600x600.jpg",600,600,true],"cvmm-large":["https:\/\/cacapavaonline.net.br\/wp-content\/uploads\/2025\/02\/estudante.jpg",900,675,false],"cvmm-small":["https:\/\/cacapavaonline.net.br\/wp-content\/uploads\/2025\/02\/estudante-130x95.jpg",130,95,true],"full":["https:\/\/cacapavaonline.net.br\/wp-content\/uploads\/2025\/02\/estudante.jpg",900,675,false]},"_links":{"self":[{"href":"https:\/\/cacapavaonline.net.br\/index.php\/wp-json\/wp\/v2\/posts\/36902"}],"collection":[{"href":"https:\/\/cacapavaonline.net.br\/index.php\/wp-json\/wp\/v2\/posts"}],"about":[{"href":"https:\/\/cacapavaonline.net.br\/index.php\/wp-json\/wp\/v2\/types\/post"}],"author":[{"embeddable":true,"href":"https:\/\/cacapavaonline.net.br\/index.php\/wp-json\/wp\/v2\/users\/3"}],"replies":[{"embeddable":true,"href":"https:\/\/cacapavaonline.net.br\/index.php\/wp-json\/wp\/v2\/comments?post=36902"}],"version-history":[{"count":1,"href":"https:\/\/cacapavaonline.net.br\/index.php\/wp-json\/wp\/v2\/posts\/36902\/revisions"}],"predecessor-version":[{"id":36905,"href":"https:\/\/cacapavaonline.net.br\/index.php\/wp-json\/wp\/v2\/posts\/36902\/revisions\/36905"}],"wp:featuredmedia":[{"embeddable":true,"href":"https:\/\/cacapavaonline.net.br\/index.php\/wp-json\/wp\/v2\/media\/36904"}],"wp:attachment":[{"href":"https:\/\/cacapavaonline.net.br\/index.php\/wp-json\/wp\/v2\/media?parent=36902"}],"wp:term":[{"taxonomy":"category","embeddable":true,"href":"https:\/\/cacapavaonline.net.br\/index.php\/wp-json\/wp\/v2\/categories?post=36902"},{"taxonomy":"post_tag","embeddable":true,"href":"https:\/\/cacapavaonline.net.br\/index.php\/wp-json\/wp\/v2\/tags?post=36902"}],"curies":[{"name":"wp","href":"https:\/\/api.w.org\/{rel}","templated":true}]}}