{"id":36913,"date":"2025-02-07T20:03:36","date_gmt":"2025-02-07T23:03:36","guid":{"rendered":"https:\/\/cacapavaonline.net.br\/?p=36913"},"modified":"2025-02-07T20:03:38","modified_gmt":"2025-02-07T23:03:38","slug":"abertura-oficial-do-ano-letivo-sera-dia-14-de-fevereiro","status":"publish","type":"post","link":"https:\/\/cacapavaonline.net.br\/index.php\/2025\/02\/abertura-oficial-do-ano-letivo-sera-dia-14-de-fevereiro\/","title":{"rendered":"Abertura oficial do ano letivo ser\u00e1 dia 14 de fevereiro"},"content":{"rendered":"\n<div class=\"cacap-conteudo\" style=\"float: right;clear: both;\" id=\"cacap-4175370300\"><a href=\"https:\/\/www.instagram.com\/netmax_internet\/\" aria-label=\"240821-Netmax\"><img loading=\"lazy\" decoding=\"async\" src=\"https:\/\/cacapavaonline.net.br\/wp-content\/uploads\/2024\/08\/240821-Netmax.jpg\" alt=\"\"  srcset=\"https:\/\/cacapavaonline.net.br\/wp-content\/uploads\/2024\/08\/240821-Netmax.jpg 1080w, https:\/\/cacapavaonline.net.br\/wp-content\/uploads\/2024\/08\/240821-Netmax-300x150.jpg 300w, https:\/\/cacapavaonline.net.br\/wp-content\/uploads\/2024\/08\/240821-Netmax-1024x513.jpg 1024w, https:\/\/cacapavaonline.net.br\/wp-content\/uploads\/2024\/08\/240821-Netmax-768x385.jpg 768w\" sizes=\"(max-width: 1080px) 100vw, 1080px\" width=\"800\" height=\"541\"   \/><\/a><\/div><br style=\"clear: both; display: block; float: none;\"\/><p><em>Aulas da rede municipal iniciar\u00e3o no dia 17, com transporte escolar.<\/em><\/p>\n\n\n\n<p>Abertura oficial do ano letivo ser\u00e1 dia 14 de fevereiro<\/p>\n\n\n\n<p>Em reuni\u00e3o com o prefeito Marcelo Spode, o Secret\u00e1rio de Educa\u00e7\u00e3o Silvio Tondo divulgou que a abertura oficial do ano letivo ser\u00e1 na sexta-feira, dia 14 de fevereiro, \u00e0s 9h, no CTG Sentinela dos Cerros.<\/p>\n\n\n\n<p>J\u00e1 as aulas na rede municipal iniciar\u00e3o na segunda-feira, dia 17, com transporte escolar.<\/p>\n\n\n\n<p><\/p>\n","protected":false},"excerpt":{"rendered":"<p>Aulas da rede municipal iniciar\u00e3o no dia 17, com transporte escolar. Abertura oficial do ano letivo ser\u00e1 dia 14 de fevereiro Em reuni\u00e3o com o prefeito Marcelo Spode, o Secret\u00e1rio de Educa\u00e7\u00e3o Silvio Tondo divulgou que a abertura oficial do ano letivo ser\u00e1 na sexta-feira, dia 14 de fevereiro, \u00e0s 9h, no CTG Sentinela dos [&hellip;]<\/p>\n","protected":false},"author":3,"featured_media":36914,"comment_status":"open","ping_status":"open","sticky":false,"template":"","format":"standard","meta":{"footnotes":""},"categories":[3,10,4],"tags":[],"class_list":["post-36913","post","type-post","status-publish","format-standard","has-post-thumbnail","hentry","category-destaque","category-educacao","category-geral"],"blog_post_layout_featured_media_urls":{"thumbnail":["https:\/\/cacapavaonline.net.br\/wp-content\/uploads\/2025\/02\/maior_WhatsApp_Image_2025_02_07_at_160307-150x150.jpeg",150,150,true],"full":["https:\/\/cacapavaonline.net.br\/wp-content\/uploads\/2025\/02\/maior_WhatsApp_Image_2025_02_07_at_160307.jpeg",700,525,false]},"categories_names":{"3":{"name":"Destaque","link":"https:\/\/cacapavaonline.net.br\/index.php\/category\/destaque\/"},"10":{"name":"Educa\u00e7\u00e3o","link":"https:\/\/cacapavaonline.net.br\/index.php\/category\/educacao\/"},"4":{"name":"Geral","link":"https:\/\/cacapavaonline.net.br\/index.php\/category\/geral\/"}},"tags_names":[],"comments_number":"0","wpmagazine_modules_lite_featured_media_urls":{"thumbnail":["https:\/\/cacapavaonline.net.br\/wp-content\/uploads\/2025\/02\/maior_WhatsApp_Image_2025_02_07_at_160307-150x150.jpeg",150,150,true],"cvmm-medium":["https:\/\/cacapavaonline.net.br\/wp-content\/uploads\/2025\/02\/maior_WhatsApp_Image_2025_02_07_at_160307-300x300.jpeg",300,300,true],"cvmm-medium-plus":["https:\/\/cacapavaonline.net.br\/wp-content\/uploads\/2025\/02\/maior_WhatsApp_Image_2025_02_07_at_160307-305x207.jpeg",305,207,true],"cvmm-portrait":["https:\/\/cacapavaonline.net.br\/wp-content\/uploads\/2025\/02\/maior_WhatsApp_Image_2025_02_07_at_160307-400x525.jpeg",400,525,true],"cvmm-medium-square":["https:\/\/cacapavaonline.net.br\/wp-content\/uploads\/2025\/02\/maior_WhatsApp_Image_2025_02_07_at_160307-600x525.jpeg",600,525,true],"cvmm-large":["https:\/\/cacapavaonline.net.br\/wp-content\/uploads\/2025\/02\/maior_WhatsApp_Image_2025_02_07_at_160307.jpeg",700,525,false],"cvmm-small":["https:\/\/cacapavaonline.net.br\/wp-content\/uploads\/2025\/02\/maior_WhatsApp_Image_2025_02_07_at_160307-130x95.jpeg",130,95,true],"full":["https:\/\/cacapavaonline.net.br\/wp-content\/uploads\/2025\/02\/maior_WhatsApp_Image_2025_02_07_at_160307.jpeg",700,525,false]},"_links":{"self":[{"href":"https:\/\/cacapavaonline.net.br\/index.php\/wp-json\/wp\/v2\/posts\/36913"}],"collection":[{"href":"https:\/\/cacapavaonline.net.br\/index.php\/wp-json\/wp\/v2\/posts"}],"about":[{"href":"https:\/\/cacapavaonline.net.br\/index.php\/wp-json\/wp\/v2\/types\/post"}],"author":[{"embeddable":true,"href":"https:\/\/cacapavaonline.net.br\/index.php\/wp-json\/wp\/v2\/users\/3"}],"replies":[{"embeddable":true,"href":"https:\/\/cacapavaonline.net.br\/index.php\/wp-json\/wp\/v2\/comments?post=36913"}],"version-history":[{"count":1,"href":"https:\/\/cacapavaonline.net.br\/index.php\/wp-json\/wp\/v2\/posts\/36913\/revisions"}],"predecessor-version":[{"id":36915,"href":"https:\/\/cacapavaonline.net.br\/index.php\/wp-json\/wp\/v2\/posts\/36913\/revisions\/36915"}],"wp:featuredmedia":[{"embeddable":true,"href":"https:\/\/cacapavaonline.net.br\/index.php\/wp-json\/wp\/v2\/media\/36914"}],"wp:attachment":[{"href":"https:\/\/cacapavaonline.net.br\/index.php\/wp-json\/wp\/v2\/media?parent=36913"}],"wp:term":[{"taxonomy":"category","embeddable":true,"href":"https:\/\/cacapavaonline.net.br\/index.php\/wp-json\/wp\/v2\/categories?post=36913"},{"taxonomy":"post_tag","embeddable":true,"href":"https:\/\/cacapavaonline.net.br\/index.php\/wp-json\/wp\/v2\/tags?post=36913"}],"curies":[{"name":"wp","href":"https:\/\/api.w.org\/{rel}","templated":true}]}}