{"id":46364,"date":"2026-04-27T20:45:38","date_gmt":"2026-04-27T23:45:38","guid":{"rendered":"https:\/\/cacapavaonline.net.br\/?p=46364"},"modified":"2026-04-27T20:45:42","modified_gmt":"2026-04-27T23:45:42","slug":"criadora-do-curso-de-gastronomia-da-ucs-se-reune-com-profissionais-de-cacapava-do-sul","status":"publish","type":"post","link":"https:\/\/cacapavaonline.net.br\/index.php\/2026\/04\/criadora-do-curso-de-gastronomia-da-ucs-se-reune-com-profissionais-de-cacapava-do-sul\/","title":{"rendered":"Criadora do curso de Gastronomia da UCS se re\u00fane com profissionais de Ca\u00e7apava do Sul"},"content":{"rendered":"\n<div class=\"cacap-conteudo\" style=\"float: right;clear: both;\" id=\"cacap-2576879698\"><a href=\"https:\/\/www.instagram.com\/netmax_internet\/\" aria-label=\"240821-Netmax\"><img loading=\"lazy\" decoding=\"async\" src=\"https:\/\/cacapavaonline.net.br\/wp-content\/uploads\/2024\/08\/240821-Netmax.jpg\" alt=\"\"  srcset=\"https:\/\/cacapavaonline.net.br\/wp-content\/uploads\/2024\/08\/240821-Netmax.jpg 1080w, https:\/\/cacapavaonline.net.br\/wp-content\/uploads\/2024\/08\/240821-Netmax-300x150.jpg 300w, https:\/\/cacapavaonline.net.br\/wp-content\/uploads\/2024\/08\/240821-Netmax-1024x513.jpg 1024w, https:\/\/cacapavaonline.net.br\/wp-content\/uploads\/2024\/08\/240821-Netmax-768x385.jpg 768w\" sizes=\"(max-width: 1080px) 100vw, 1080px\" width=\"800\" height=\"541\"   \/><\/a><\/div><br style=\"clear: both; display: block; float: none;\"\/><p><strong>Criadora do curso de Gastronomia da UCS se re\u00fane com profissionais de Ca\u00e7apava do Sul<\/strong><\/p>\n\n\n\n<p><em>Workshop de harmoniza\u00e7\u00e3o de azeites \u00e9 parte da programa\u00e7\u00e3o da 4\u00aa Festa Nacional do Azeite de Oliva<\/em><\/p>\n\n\n\n<p>A fundadora do curso superior em Gastronomia da Universidade de Caxias do Sul (UCS), Maria Beatriz dal Pont, estar\u00e1 em Ca\u00e7apava do Sul durante a 4\u00aa Festa Nacional do Azeite de Oliva. Ela ir\u00e1 coordenar dois encontros focados na rela\u00e7\u00e3o entre a culin\u00e1ria e os azeites de oliva produzidos no Rio Grande do Sul.<\/p>\n\n\n\n<p>\u201cPela manh\u00e3, a palestra \u00e9 aberta \u00e0 comunidade porque \u00e9 preciso que a popula\u00e7\u00e3o compreenda e abrace a olivicultura. J\u00e1 durante a tarde, vamos realizar um workshop espec\u00edfico para donos de restaurantes e profissionais da gastronomia. Porque a cidade precisa ter uma oferta abundante de azeites produzidos localmente e ressaltar a gastronomia local, que j\u00e1 \u00e9 espetacular, mas fica maravilhosa quando incorpora o azeite de oliva extravirgem\u201d, detalha ela.<\/p>\n\n\n\n<p>As atividades ser\u00e3o feitas no Clube Uni\u00e3o Ca\u00e7apavana, na pr\u00f3xima sexta-feira, 1\u00ba de maio. A participa\u00e7\u00e3o \u00e9 gratuita. A organiza\u00e7\u00e3o da 4\u00ba Festa Nacional do Azeite de Oliva recomenda que os interessados fa\u00e7am inscri\u00e7\u00e3o pr\u00e9via, em link dispon\u00edvel no perfil do evento no Instagram.<\/p>\n\n\n\n<p>Maria Beatriz \u00e9 sommelier de azeites e consultora na \u00e1rea da gastronomia. Sua especialidade \u00e9 treinar equipes de vendas e conduzir degusta\u00e7\u00f5es de azeites. A partir dessa experi\u00eancia, ela ressalta que os azeites t\u00eam dado proje\u00e7\u00e3o internacional para o Brasil, e Ca\u00e7apava do Sul em particular.<\/p>\n\n\n\n<p>\u201cPercebo que ainda h\u00e1 um deslocamento da cidade em rela\u00e7\u00e3o ao produto. A popula\u00e7\u00e3o ainda enxerga o azeite como um item caro. Mas a verdade \u00e9 que eles t\u00eam pre\u00e7o justo e \u00e9 importante que se valorize o produto da terra. Ele \u00e9 um componente \u00edntimo do desenvolvimento tur\u00edstico que a cidade procura\u201d, avalia.<\/p>\n\n\n\n<p>A especialista explica, ainda, que o Brasil j\u00e1 \u00e9 visto como um fen\u00f4meno de qualidade na olivicultura mundial. Por\u00e9m, a produ\u00e7\u00e3o nacional n\u00e3o atende mais de 1% do mercado consumidor brasileiro, o que permite projetar condi\u00e7\u00f5es favor\u00e1veis ao crescimento dessa ind\u00fastria.<\/p>\n\n\n\n<p><strong>Servi\u00e7o:<\/strong><\/p>\n\n\n\n<p><strong>4\u00aa Festa Nacional do Azeite de Oliva<\/strong><\/p>\n\n\n\n<p>Datas: 1\u00ba, 02 e 03 de maio de 2026<\/p>\n\n\n\n<p>Local: Largo Farroupilha, no centro hist\u00f3rico de Ca\u00e7apava do Sul<\/p>\n","protected":false},"excerpt":{"rendered":"<p>Criadora do curso de Gastronomia da UCS se re\u00fane com profissionais de Ca\u00e7apava do Sul Workshop de harmoniza\u00e7\u00e3o de azeites \u00e9 parte da programa\u00e7\u00e3o da 4\u00aa Festa Nacional do Azeite de Oliva A fundadora do curso superior em Gastronomia da Universidade de Caxias do Sul (UCS), Maria Beatriz dal Pont, estar\u00e1 em Ca\u00e7apava do Sul [&hellip;]<\/p>\n","protected":false},"author":3,"featured_media":46365,"comment_status":"open","ping_status":"open","sticky":false,"template":"","format":"standard","meta":{"footnotes":""},"categories":[3,76,4],"tags":[],"class_list":["post-46364","post","type-post","status-publish","format-standard","has-post-thumbnail","hentry","category-destaque","category-festa-do-azeite-de-oliva","category-geral"],"blog_post_layout_featured_media_urls":{"thumbnail":["https:\/\/cacapavaonline.net.br\/wp-content\/uploads\/2026\/04\/WhatsApp-Image-2026-04-27-at-15.04.25-1-150x150.jpeg",150,150,true],"full":["https:\/\/cacapavaonline.net.br\/wp-content\/uploads\/2026\/04\/WhatsApp-Image-2026-04-27-at-15.04.25-1.jpeg",1080,718,false]},"categories_names":{"3":{"name":"Destaque","link":"https:\/\/cacapavaonline.net.br\/index.php\/category\/destaque\/"},"76":{"name":"Festa do Azeite de Oliva","link":"https:\/\/cacapavaonline.net.br\/index.php\/category\/festa-do-azeite-de-oliva\/"},"4":{"name":"Geral","link":"https:\/\/cacapavaonline.net.br\/index.php\/category\/geral\/"}},"tags_names":[],"comments_number":"0","wpmagazine_modules_lite_featured_media_urls":{"thumbnail":["https:\/\/cacapavaonline.net.br\/wp-content\/uploads\/2026\/04\/WhatsApp-Image-2026-04-27-at-15.04.25-1-150x150.jpeg",150,150,true],"cvmm-medium":["https:\/\/cacapavaonline.net.br\/wp-content\/uploads\/2026\/04\/WhatsApp-Image-2026-04-27-at-15.04.25-1-300x300.jpeg",300,300,true],"cvmm-medium-plus":["https:\/\/cacapavaonline.net.br\/wp-content\/uploads\/2026\/04\/WhatsApp-Image-2026-04-27-at-15.04.25-1-305x207.jpeg",305,207,true],"cvmm-portrait":["https:\/\/cacapavaonline.net.br\/wp-content\/uploads\/2026\/04\/WhatsApp-Image-2026-04-27-at-15.04.25-1-400x600.jpeg",400,600,true],"cvmm-medium-square":["https:\/\/cacapavaonline.net.br\/wp-content\/uploads\/2026\/04\/WhatsApp-Image-2026-04-27-at-15.04.25-1-600x600.jpeg",600,600,true],"cvmm-large":["https:\/\/cacapavaonline.net.br\/wp-content\/uploads\/2026\/04\/WhatsApp-Image-2026-04-27-at-15.04.25-1-1024x718.jpeg",1024,718,true],"cvmm-small":["https:\/\/cacapavaonline.net.br\/wp-content\/uploads\/2026\/04\/WhatsApp-Image-2026-04-27-at-15.04.25-1-130x95.jpeg",130,95,true],"full":["https:\/\/cacapavaonline.net.br\/wp-content\/uploads\/2026\/04\/WhatsApp-Image-2026-04-27-at-15.04.25-1.jpeg",1080,718,false]},"_links":{"self":[{"href":"https:\/\/cacapavaonline.net.br\/index.php\/wp-json\/wp\/v2\/posts\/46364"}],"collection":[{"href":"https:\/\/cacapavaonline.net.br\/index.php\/wp-json\/wp\/v2\/posts"}],"about":[{"href":"https:\/\/cacapavaonline.net.br\/index.php\/wp-json\/wp\/v2\/types\/post"}],"author":[{"embeddable":true,"href":"https:\/\/cacapavaonline.net.br\/index.php\/wp-json\/wp\/v2\/users\/3"}],"replies":[{"embeddable":true,"href":"https:\/\/cacapavaonline.net.br\/index.php\/wp-json\/wp\/v2\/comments?post=46364"}],"version-history":[{"count":1,"href":"https:\/\/cacapavaonline.net.br\/index.php\/wp-json\/wp\/v2\/posts\/46364\/revisions"}],"predecessor-version":[{"id":46366,"href":"https:\/\/cacapavaonline.net.br\/index.php\/wp-json\/wp\/v2\/posts\/46364\/revisions\/46366"}],"wp:featuredmedia":[{"embeddable":true,"href":"https:\/\/cacapavaonline.net.br\/index.php\/wp-json\/wp\/v2\/media\/46365"}],"wp:attachment":[{"href":"https:\/\/cacapavaonline.net.br\/index.php\/wp-json\/wp\/v2\/media?parent=46364"}],"wp:term":[{"taxonomy":"category","embeddable":true,"href":"https:\/\/cacapavaonline.net.br\/index.php\/wp-json\/wp\/v2\/categories?post=46364"},{"taxonomy":"post_tag","embeddable":true,"href":"https:\/\/cacapavaonline.net.br\/index.php\/wp-json\/wp\/v2\/tags?post=46364"}],"curies":[{"name":"wp","href":"https:\/\/api.w.org\/{rel}","templated":true}]}}